{"id":2451,"date":"2023-11-17T22:59:17","date_gmt":"2023-11-17T22:59:17","guid":{"rendered":"https:\/\/meio.eco.br\/inicio\/?p=2451"},"modified":"2023-11-17T22:59:17","modified_gmt":"2023-11-17T22:59:17","slug":"de-onde-te-olho","status":"publish","type":"post","link":"https:\/\/meio.eco.br\/inicio\/de-onde-te-olho\/","title":{"rendered":"De onde te olho"},"content":{"rendered":"<p><b>De onde te olho<\/b><\/p>\n<p>&nbsp;<\/p>\n<p>Te vejo inimigo.<\/p>\n<p>Territ\u00f3rios divididos, murados guardados.<\/p>\n<p>Sentimentos divergentes, rancorosos.<\/p>\n<p>Palavras que me doem, n\u00e3o constroem, destroem.<\/p>\n<p>Sinto cora\u00e7\u00f5es endurecidos.<\/p>\n<p>A\u00e7\u00f5es raivosas, impiedosas.<\/p>\n<p>Te olho vingativo.<\/p>\n<p>Na cabe\u00e7a verdades absolutas, ouvidos tapados.<\/p>\n<p>Julgamentos prim\u00e1rios.<\/p>\n<p>Execu\u00e7\u00f5es sum\u00e1rias.<\/p>\n<p>Sem entender.<\/p>\n<p>O raso do teu compreender.<\/p>\n<p>Ao me ver.<\/p>\n<p>&nbsp;<\/p>\n<p>Lindolfo Martin<\/p>\n<p>Vers\u00e3o 1.0<\/p>\n<p>7\/10\/23<\/p>\n","protected":false},"excerpt":{"rendered":"<p>De onde te olho &nbsp; Te vejo inimigo. Territ\u00f3rios divididos, murados guardados. Sentimentos divergentes, rancorosos. Palavras que me doem, n\u00e3o constroem, destroem. Sinto cora\u00e7\u00f5es endurecidos. A\u00e7\u00f5es raivosas, impiedosas. Te olho vingativo. Na cabe\u00e7a verdades absolutas, ouvidos tapados. Julgamentos prim\u00e1rios. Execu\u00e7\u00f5es sum\u00e1rias. Sem entender. O raso do teu compreender. Ao me ver. &nbsp; Lindolfo Martin Vers\u00e3o&hellip;<\/p>\n","protected":false},"author":2,"featured_media":0,"comment_status":"open","ping_status":"open","sticky":false,"template":"","format":"standard","meta":{"_monsterinsights_skip_tracking":false,"_monsterinsights_sitenote_active":false,"_monsterinsights_sitenote_note":"","_monsterinsights_sitenote_category":0,"footnotes":""},"categories":[27],"tags":[],"class_list":["post-2451","post","type-post","status-publish","format-standard","hentry","category-poesias"],"aioseo_notices":[],"_links":{"self":[{"href":"https:\/\/meio.eco.br\/inicio\/wp-json\/wp\/v2\/posts\/2451","targetHints":{"allow":["GET"]}}],"collection":[{"href":"https:\/\/meio.eco.br\/inicio\/wp-json\/wp\/v2\/posts"}],"about":[{"href":"https:\/\/meio.eco.br\/inicio\/wp-json\/wp\/v2\/types\/post"}],"author":[{"embeddable":true,"href":"https:\/\/meio.eco.br\/inicio\/wp-json\/wp\/v2\/users\/2"}],"replies":[{"embeddable":true,"href":"https:\/\/meio.eco.br\/inicio\/wp-json\/wp\/v2\/comments?post=2451"}],"version-history":[{"count":1,"href":"https:\/\/meio.eco.br\/inicio\/wp-json\/wp\/v2\/posts\/2451\/revisions"}],"predecessor-version":[{"id":2452,"href":"https:\/\/meio.eco.br\/inicio\/wp-json\/wp\/v2\/posts\/2451\/revisions\/2452"}],"wp:attachment":[{"href":"https:\/\/meio.eco.br\/inicio\/wp-json\/wp\/v2\/media?parent=2451"}],"wp:term":[{"taxonomy":"category","embeddable":true,"href":"https:\/\/meio.eco.br\/inicio\/wp-json\/wp\/v2\/categories?post=2451"},{"taxonomy":"post_tag","embeddable":true,"href":"https:\/\/meio.eco.br\/inicio\/wp-json\/wp\/v2\/tags?post=2451"}],"curies":[{"name":"wp","href":"https:\/\/api.w.org\/{rel}","templated":true}]}}