{"id":2449,"date":"2023-11-17T22:57:09","date_gmt":"2023-11-17T22:57:09","guid":{"rendered":"https:\/\/meio.eco.br\/inicio\/?p=2449"},"modified":"2023-11-17T22:57:09","modified_gmt":"2023-11-17T22:57:09","slug":"espaco-neutro","status":"publish","type":"post","link":"https:\/\/meio.eco.br\/inicio\/espaco-neutro\/","title":{"rendered":"Espa\u00e7o Neutro"},"content":{"rendered":"<p><b>Espa\u00e7o Neutro<\/b><\/p>\n<p>Onde n\u00e3o trago verdades absolutas.<\/p>\n<p>Ideol\u00f3gicas, culturais, religiosas, territoriais, ancestrais.<\/p>\n<p>Mesmo que tudo isto fa\u00e7a parte de mim, porque evolui assim.<\/p>\n<p>Aqui me encontro em um espa\u00e7o novo, neutro e amoroso.<\/p>\n<p>Onde ou\u00e7o sem defender.<\/p>\n<p>Manifesto sem agredir.<\/p>\n<p>Reflito com a profundidade da alma, que n\u00e3o \u00e9 rasa.<\/p>\n<p>Penso com a mente e o cora\u00e7\u00e3o em conex\u00e3o.<\/p>\n<p>Campo ferteis para o in\u00e9dito.<\/p>\n<p>Brotar de novas esperan\u00e7as.<\/p>\n<p>Onde cada um gera uma nova frequ\u00eancia, forte.<\/p>\n<p>E ao retornarmos aos nossos pr\u00f3prios espa\u00e7os.<\/p>\n<p>Voltamos diferentes com a vis\u00e3o do esperan\u00e7ar.<\/p>\n<p>E outras consci\u00eancias transformar.<\/p>\n<p>Na inten\u00e7\u00e3o das guerras, findar.<\/p>\n<p>E o amor triunfar.<\/p>\n<p>Em todos os meios.<\/p>\n<p>Lindolfo Martin<\/p>\n<p>21\/10\/23.<\/p>\n<p>Vers\u00e3o 1.0<\/p>\n<p>&nbsp;<\/p>\n","protected":false},"excerpt":{"rendered":"<p>Espa\u00e7o Neutro Onde n\u00e3o trago verdades absolutas. Ideol\u00f3gicas, culturais, religiosas, territoriais, ancestrais. Mesmo que tudo isto fa\u00e7a parte de mim, porque evolui assim. Aqui me encontro em um espa\u00e7o novo, neutro e amoroso. Onde ou\u00e7o sem defender. Manifesto sem agredir. Reflito com a profundidade da alma, que n\u00e3o \u00e9 rasa. Penso com a mente e&hellip;<\/p>\n","protected":false},"author":2,"featured_media":0,"comment_status":"open","ping_status":"open","sticky":false,"template":"","format":"standard","meta":{"_monsterinsights_skip_tracking":false,"_monsterinsights_sitenote_active":false,"_monsterinsights_sitenote_note":"","_monsterinsights_sitenote_category":0,"footnotes":""},"categories":[27],"tags":[],"class_list":["post-2449","post","type-post","status-publish","format-standard","hentry","category-poesias"],"aioseo_notices":[],"_links":{"self":[{"href":"https:\/\/meio.eco.br\/inicio\/wp-json\/wp\/v2\/posts\/2449","targetHints":{"allow":["GET"]}}],"collection":[{"href":"https:\/\/meio.eco.br\/inicio\/wp-json\/wp\/v2\/posts"}],"about":[{"href":"https:\/\/meio.eco.br\/inicio\/wp-json\/wp\/v2\/types\/post"}],"author":[{"embeddable":true,"href":"https:\/\/meio.eco.br\/inicio\/wp-json\/wp\/v2\/users\/2"}],"replies":[{"embeddable":true,"href":"https:\/\/meio.eco.br\/inicio\/wp-json\/wp\/v2\/comments?post=2449"}],"version-history":[{"count":1,"href":"https:\/\/meio.eco.br\/inicio\/wp-json\/wp\/v2\/posts\/2449\/revisions"}],"predecessor-version":[{"id":2450,"href":"https:\/\/meio.eco.br\/inicio\/wp-json\/wp\/v2\/posts\/2449\/revisions\/2450"}],"wp:attachment":[{"href":"https:\/\/meio.eco.br\/inicio\/wp-json\/wp\/v2\/media?parent=2449"}],"wp:term":[{"taxonomy":"category","embeddable":true,"href":"https:\/\/meio.eco.br\/inicio\/wp-json\/wp\/v2\/categories?post=2449"},{"taxonomy":"post_tag","embeddable":true,"href":"https:\/\/meio.eco.br\/inicio\/wp-json\/wp\/v2\/tags?post=2449"}],"curies":[{"name":"wp","href":"https:\/\/api.w.org\/{rel}","templated":true}]}}