{"id":2447,"date":"2023-11-17T22:55:31","date_gmt":"2023-11-17T22:55:31","guid":{"rendered":"https:\/\/meio.eco.br\/inicio\/?p=2447"},"modified":"2023-11-17T22:55:31","modified_gmt":"2023-11-17T22:55:31","slug":"mudancas","status":"publish","type":"post","link":"https:\/\/meio.eco.br\/inicio\/mudancas\/","title":{"rendered":"Mudan\u00e7as"},"content":{"rendered":"<p>Mudan\u00e7as<\/p>\n<p>&nbsp;<\/p>\n<p>Mudan\u00e7as come\u00e7am dentro de si.<\/p>\n<p>No interior da alma.<\/p>\n<p>Quando se acalma e se percebe querendo mudar.<\/p>\n<p>Para que possa se transformar, mutar o que n\u00e3o \u00e9 seu.<\/p>\n<p>O traumatizado, o condicionado, educado, for\u00e7ado,<\/p>\n<p>desnaturalizado, artificializado, cristalizado.<\/p>\n<p>Assim desconectado de si, no querer ver e ser tudo, se torna<\/p>\n<p>cego de si, e de ser.<\/p>\n<p>Na possibilidade se querer enxergar a si mesmo e conectar com o todo.<\/p>\n<p>Muta-se a alma quando ela se\u00a0 transforma no fluir da vida.<\/p>\n<p>Que \u00e9 simplesmente vontade,\u00a0 bondade, generosidade.<\/p>\n<p>Sincronizada com o universo.<\/p>\n<p>Vis\u00e3o clara do seguir do confluir com os outros.<\/p>\n<p>Quando confluem e seguem juntos.<\/p>\n<p>Unos.<\/p>\n<p>&nbsp;<\/p>\n<p>Lindolfo Martin<\/p>\n<p>16\/10\/23<\/p>\n<p>Versao 1.0<\/p>\n","protected":false},"excerpt":{"rendered":"<p>Mudan\u00e7as &nbsp; Mudan\u00e7as come\u00e7am dentro de si. No interior da alma. Quando se acalma e se percebe querendo mudar. Para que possa se transformar, mutar o que n\u00e3o \u00e9 seu. O traumatizado, o condicionado, educado, for\u00e7ado, desnaturalizado, artificializado, cristalizado. Assim desconectado de si, no querer ver e ser tudo, se torna cego de si, e&hellip;<\/p>\n","protected":false},"author":2,"featured_media":0,"comment_status":"open","ping_status":"open","sticky":false,"template":"","format":"standard","meta":{"_monsterinsights_skip_tracking":false,"_monsterinsights_sitenote_active":false,"_monsterinsights_sitenote_note":"","_monsterinsights_sitenote_category":0,"footnotes":""},"categories":[27],"tags":[],"class_list":["post-2447","post","type-post","status-publish","format-standard","hentry","category-poesias"],"aioseo_notices":[],"_links":{"self":[{"href":"https:\/\/meio.eco.br\/inicio\/wp-json\/wp\/v2\/posts\/2447","targetHints":{"allow":["GET"]}}],"collection":[{"href":"https:\/\/meio.eco.br\/inicio\/wp-json\/wp\/v2\/posts"}],"about":[{"href":"https:\/\/meio.eco.br\/inicio\/wp-json\/wp\/v2\/types\/post"}],"author":[{"embeddable":true,"href":"https:\/\/meio.eco.br\/inicio\/wp-json\/wp\/v2\/users\/2"}],"replies":[{"embeddable":true,"href":"https:\/\/meio.eco.br\/inicio\/wp-json\/wp\/v2\/comments?post=2447"}],"version-history":[{"count":1,"href":"https:\/\/meio.eco.br\/inicio\/wp-json\/wp\/v2\/posts\/2447\/revisions"}],"predecessor-version":[{"id":2448,"href":"https:\/\/meio.eco.br\/inicio\/wp-json\/wp\/v2\/posts\/2447\/revisions\/2448"}],"wp:attachment":[{"href":"https:\/\/meio.eco.br\/inicio\/wp-json\/wp\/v2\/media?parent=2447"}],"wp:term":[{"taxonomy":"category","embeddable":true,"href":"https:\/\/meio.eco.br\/inicio\/wp-json\/wp\/v2\/categories?post=2447"},{"taxonomy":"post_tag","embeddable":true,"href":"https:\/\/meio.eco.br\/inicio\/wp-json\/wp\/v2\/tags?post=2447"}],"curies":[{"name":"wp","href":"https:\/\/api.w.org\/{rel}","templated":true}]}}