{"id":2433,"date":"2023-11-17T22:45:21","date_gmt":"2023-11-17T22:45:21","guid":{"rendered":"https:\/\/meio.eco.br\/inicio\/?p=2433"},"modified":"2023-11-17T22:45:21","modified_gmt":"2023-11-17T22:45:21","slug":"vivendo-em-rede-no-agora-versao-1-0-de-27-8-23","status":"publish","type":"post","link":"https:\/\/meio.eco.br\/inicio\/vivendo-em-rede-no-agora-versao-1-0-de-27-8-23\/","title":{"rendered":"Vivendo em Rede no agora  (vers\u00e3o 1.0 de 27\/8\/23)"},"content":{"rendered":"<p>Vivemos uma oportunidade.<\/p>\n<p>Amamos a nossa realidade como \u00e9.<\/p>\n<p>Somos todos, somos um.<\/p>\n<p>Gratos por tudo que nos trouxe at\u00e9 o agora.<\/p>\n<p>Neste presente com presen\u00e7a.<\/p>\n<p>Consci\u00eancias expandidas, inten\u00e7\u00f5es fortes que desejam e criam realidades.<\/p>\n<p>Que partem do eu profundo de cada um.<\/p>\n<p>De mentes generosas e colaborativas.<\/p>\n<p>Desejosas de um mundo realmente melhor e justo.<\/p>\n<p>Partes que se respeitam e se complementam.<\/p>\n<p>Pertencem-se.<\/p>\n<p>Evoluindo o todo.<\/p>\n<p>Constroem relacionamentos, que v\u00e3o muito al\u00e9m das coisas.<\/p>\n<p>indo do interno em si, para o para o entorno e depois para o externo.<\/p>\n<p>Assim vivemos nosso prop\u00f3sito de um servir evolutivo.<\/p>\n<p>Caminhos que levam a paz e a felicidade no agora e criam bom futuro.<\/p>\n<p>&nbsp;<\/p>\n<p>Lindolfo Martin<\/p>\n<p>&nbsp;<\/p>\n<p>Explico: Em 93, escrevi o poesia &#8220;Viver em Rede&#8221; , passado 30 anos, quando pensei em escrever o conte\u00fado da minha abertura na 34 conven\u00e7\u00e3o, &#8220;do nada&#8221; veio a vontade de fazer o &#8220;Viver em Rede ll&#8221;\u00a0 da\u00ed foi evoluindo para o texto acima, que embasar\u00e1 minha fala, n\u00e3o depender\u00e1\u00a0 muito de PPT, mas farei uns slides.<\/p>\n","protected":false},"excerpt":{"rendered":"<p>Vivemos uma oportunidade. Amamos a nossa realidade como \u00e9. Somos todos, somos um. Gratos por tudo que nos trouxe at\u00e9 o agora. Neste presente com presen\u00e7a. Consci\u00eancias expandidas, inten\u00e7\u00f5es fortes que desejam e criam realidades. Que partem do eu profundo de cada um. De mentes generosas e colaborativas. Desejosas de um mundo realmente melhor e&hellip;<\/p>\n","protected":false},"author":2,"featured_media":0,"comment_status":"open","ping_status":"open","sticky":false,"template":"","format":"standard","meta":{"_monsterinsights_skip_tracking":false,"_monsterinsights_sitenote_active":false,"_monsterinsights_sitenote_note":"","_monsterinsights_sitenote_category":0,"footnotes":""},"categories":[27],"tags":[],"class_list":["post-2433","post","type-post","status-publish","format-standard","hentry","category-poesias"],"aioseo_notices":[],"_links":{"self":[{"href":"https:\/\/meio.eco.br\/inicio\/wp-json\/wp\/v2\/posts\/2433","targetHints":{"allow":["GET"]}}],"collection":[{"href":"https:\/\/meio.eco.br\/inicio\/wp-json\/wp\/v2\/posts"}],"about":[{"href":"https:\/\/meio.eco.br\/inicio\/wp-json\/wp\/v2\/types\/post"}],"author":[{"embeddable":true,"href":"https:\/\/meio.eco.br\/inicio\/wp-json\/wp\/v2\/users\/2"}],"replies":[{"embeddable":true,"href":"https:\/\/meio.eco.br\/inicio\/wp-json\/wp\/v2\/comments?post=2433"}],"version-history":[{"count":1,"href":"https:\/\/meio.eco.br\/inicio\/wp-json\/wp\/v2\/posts\/2433\/revisions"}],"predecessor-version":[{"id":2434,"href":"https:\/\/meio.eco.br\/inicio\/wp-json\/wp\/v2\/posts\/2433\/revisions\/2434"}],"wp:attachment":[{"href":"https:\/\/meio.eco.br\/inicio\/wp-json\/wp\/v2\/media?parent=2433"}],"wp:term":[{"taxonomy":"category","embeddable":true,"href":"https:\/\/meio.eco.br\/inicio\/wp-json\/wp\/v2\/categories?post=2433"},{"taxonomy":"post_tag","embeddable":true,"href":"https:\/\/meio.eco.br\/inicio\/wp-json\/wp\/v2\/tags?post=2433"}],"curies":[{"name":"wp","href":"https:\/\/api.w.org\/{rel}","templated":true}]}}