{"id":2302,"date":"2023-11-11T20:28:47","date_gmt":"2023-11-11T20:28:47","guid":{"rendered":"https:\/\/meio.eco.br\/inicio\/?p=2302"},"modified":"2023-11-11T20:28:47","modified_gmt":"2023-11-11T20:28:47","slug":"comunicacao-nao-violenta","status":"publish","type":"post","link":"https:\/\/meio.eco.br\/inicio\/comunicacao-nao-violenta\/","title":{"rendered":"Comunica\u00e7\u00e3o N\u00e3o Violenta"},"content":{"rendered":"<p>[ai_post_generator_toc]<\/p>\n<h2>Introdu\u00e7\u00e3o<\/h2>\n<p><b>Comunica\u00e7\u00e3o N\u00e3o Violenta<\/b> \u00e9 uma abordagem de comunica\u00e7\u00e3o que busca estabelecer conex\u00f5es aut\u00eanticas e emp\u00e1ticas entre as pessoas. Neste artigo, vamos explorar em detalhes os conceitos, princ\u00edpios e benef\u00edcios da Comunica\u00e7\u00e3o N\u00e3o Violenta, al\u00e9m de fornecer passos pr\u00e1ticos para uma comunica\u00e7\u00e3o eficaz. Tamb\u00e9m veremos exemplos de como aplicar essa abordagem no dia a dia, lidar com conflitos de forma construtiva e desenvolver a empatia como parte fundamental desse processo.<\/p>\n<h2>Conceito e princ\u00edpios da Comunica\u00e7\u00e3o N\u00e3o Violenta<\/h2>\n<p>A <b>Comunica\u00e7\u00e3o N\u00e3o Violenta<\/b> foi desenvolvida pelo psic\u00f3logo Marshall Rosenberg e tem como base a ideia de que todas as pessoas t\u00eam necessidades universais que desejam ver atendidas. Essa abordagem busca criar um ambiente de compreens\u00e3o m\u00fatua, respeito e empatia, evitando express\u00f5es de viol\u00eancia verbal ou f\u00edsica. Os princ\u00edpios da Comunica\u00e7\u00e3o N\u00e3o Violenta incluem a observa\u00e7\u00e3o neutra, express\u00e3o de sentimentos, identifica\u00e7\u00e3o de necessidades e pedidos claros e fact\u00edveis.<\/p>\n<h2>Os benef\u00edcios da pr\u00e1tica da Comunica\u00e7\u00e3o N\u00e3o Violenta<\/h2>\n<p>A pr\u00e1tica da Comunica\u00e7\u00e3o N\u00e3o Violenta traz diversos benef\u00edcios para as rela\u00e7\u00f5es pessoais e profissionais. Ao adotar essa abordagem, as pessoas desenvolvem habilidades de escuta ativa, compreens\u00e3o emp\u00e1tica e resolu\u00e7\u00e3o de conflitos de forma pac\u00edfica. Al\u00e9m disso, a Comunica\u00e7\u00e3o N\u00e3o Violenta promove a constru\u00e7\u00e3o de relacionamentos mais saud\u00e1veis, aumenta a coopera\u00e7\u00e3o e fortalece a conex\u00e3o entre os indiv\u00edduos.<\/p>\n<h2>Passos para uma comunica\u00e7\u00e3o n\u00e3o violenta eficaz<\/h2>\n<p>Para uma comunica\u00e7\u00e3o n\u00e3o violenta eficaz, \u00e9 importante seguir alguns passos-chave. Primeiro, \u00e9 necess\u00e1rio observar os fatos de forma imparcial, sem julgamentos. Em seguida, expressar os sentimentos de forma clara e sincera, utilizando o <b>eu<\/b> para assumir a responsabilidade pelas emo\u00e7\u00f5es. Identificar as necessidades subjacentes \u00e9 outro passo importante, pois permite encontrar solu\u00e7\u00f5es que atendam a ambas as partes envolvidas. Por fim, fazer pedidos claros e fact\u00edveis ajuda a estabelecer acordos e promover uma comunica\u00e7\u00e3o mais harmoniosa.<\/p>\n<h2>Exemplos de aplica\u00e7\u00e3o da Comunica\u00e7\u00e3o N\u00e3o Violenta no dia a dia<\/h2>\n<p>A Comunica\u00e7\u00e3o N\u00e3o Violenta pode ser aplicada em diversas situa\u00e7\u00f5es do cotidiano, como em conflitos familiares, discuss\u00f5es entre amigos ou at\u00e9 mesmo em situa\u00e7\u00f5es de trabalho. Por exemplo, ao inv\u00e9s de culpar algu\u00e9m por um problema, podemos expressar nossos sentimentos e necessidades, convidando a pessoa a colaborar na busca de uma solu\u00e7\u00e3o. Dessa forma, a Comunica\u00e7\u00e3o N\u00e3o Violenta contribui para a constru\u00e7\u00e3o de relacionamentos mais saud\u00e1veis e duradouros.<\/p>\n<h2>Como lidar com conflitos utilizando a Comunica\u00e7\u00e3o N\u00e3o Violenta<\/h2>\n<p>Conflitos s\u00e3o inevit\u00e1veis em qualquer tipo de relacionamento, mas a forma como os enfrentamos pode fazer toda a diferen\u00e7a. A Comunica\u00e7\u00e3o N\u00e3o Violenta oferece ferramentas eficazes para lidar com conflitos de forma construtiva. Ao inv\u00e9s de entrar em discuss\u00f5es acaloradas ou adotar posturas defensivas, podemos praticar a escuta ativa, buscar entender as necessidades e sentimentos de todas as partes envolvidas e trabalhar juntos na busca de solu\u00e7\u00f5es que atendam a todos.<\/p>\n<h2>A import\u00e2ncia da empatia na Comunica\u00e7\u00e3o N\u00e3o Violenta<\/h2>\n<p>A empatia desempenha um papel fundamental na Comunica\u00e7\u00e3o N\u00e3o Violenta. Trata-se da capacidade de se colocar no lugar do outro, compreender seus sentimentos e necessidades, sem julgamentos. Ao desenvolver a empatia, criamos um ambiente de confian\u00e7a e respeito m\u00fatuo, facilitando a comunica\u00e7\u00e3o e a resolu\u00e7\u00e3o de conflitos. A empatia nos ajuda a enxergar al\u00e9m das diferen\u00e7as e a cultivar rela\u00e7\u00f5es mais harmoniosas.<\/p>\n<h2>Dicas para melhorar a habilidade de se comunicar de forma n\u00e3o violenta<\/h2>\n<p>Se voc\u00ea deseja aprimorar sua habilidade de se comunicar de forma n\u00e3o violenta, aqui est\u00e3o algumas dicas \u00fateis. Primeiro, pratique a escuta ativa, dando total aten\u00e7\u00e3o ao interlocutor. Em seguida, evite julgar ou criticar, focando em expressar seus sentimentos e necessidades de forma clara e respeitosa. Al\u00e9m disso, esteja aberto ao di\u00e1logo, disposto a ouvir diferentes perspectivas e buscar solu\u00e7\u00f5es que atendam a todos. Com o tempo e a pr\u00e1tica, voc\u00ea ver\u00e1 melhorias significativas na qualidade de suas intera\u00e7\u00f5es.<\/p>\n<h2>Comunica\u00e7\u00e3o N\u00e3o Violenta no ambiente de trabalho<\/h2>\n<p>A Comunica\u00e7\u00e3o N\u00e3o Violenta tamb\u00e9m pode ser aplicada no ambiente de trabalho, promovendo um clima organizacional mais saud\u00e1vel e produtivo. Ao adotar essa abordagem, os colaboradores aprendem a se expressar de forma clara e respeitosa, a ouvir atentamente seus colegas e a resolver conflitos de forma construtiva. Isso contribui para um ambiente mais colaborativo, onde as rela\u00e7\u00f5es interpessoais s\u00e3o fortalecidas e a produtividade \u00e9 impulsionada.<\/p>\n<h2>Como ensinar e promover a Comunica\u00e7\u00e3o N\u00e3o Violenta<\/h2>\n<p>A Comunica\u00e7\u00e3o N\u00e3o Violenta pode ser ensinada e promovida em diversos contextos, como escolas, empresas e at\u00e9 mesmo em grupos sociais. Oferecer treinamentos e workshops sobre essa abordagem \u00e9 uma forma eficaz de disseminar seus princ\u00edpios e incentivar a pr\u00e1tica. Al\u00e9m disso, \u00e9 importante cultivar uma cultura organizacional baseada no respeito, na escuta ativa e na resolu\u00e7\u00e3o pac\u00edfica de conflitos, criando um ambiente prop\u00edcio para a Comunica\u00e7\u00e3o N\u00e3o Violenta florescer.<\/p>\n<h2>Conclus\u00e3o<\/h2>\n<p>Neste artigo, exploramos os conceitos, princ\u00edpios e benef\u00edcios da Comunica\u00e7\u00e3o N\u00e3o Violenta, uma abordagem poderosa para estabelecer conex\u00f5es aut\u00eanticas e emp\u00e1ticas. Vimos como aplicar essa abordagem no dia a dia, lidar com conflitos de forma construtiva e promover uma comunica\u00e7\u00e3o mais harmoniosa. Ao praticar a Comunica\u00e7\u00e3o N\u00e3o Violenta, podemos transformar nossos relacionamentos, fortalecer a empatia e criar um mundo mais pac\u00edfico e conectado.<\/p>\n","protected":false},"excerpt":{"rendered":"<p>[ai_post_generator_toc] Introdu\u00e7\u00e3o Comunica\u00e7\u00e3o N\u00e3o Violenta \u00e9 uma abordagem de comunica\u00e7\u00e3o que busca estabelecer conex\u00f5es aut\u00eanticas e emp\u00e1ticas entre as pessoas. Neste artigo, vamos explorar em detalhes os conceitos, princ\u00edpios e benef\u00edcios da Comunica\u00e7\u00e3o N\u00e3o Violenta, al\u00e9m de fornecer passos pr\u00e1ticos para uma comunica\u00e7\u00e3o eficaz. Tamb\u00e9m veremos exemplos de como aplicar essa abordagem no dia a&hellip;<\/p>\n","protected":false},"author":1,"featured_media":0,"comment_status":"open","ping_status":"open","sticky":false,"template":"","format":"standard","meta":{"_monsterinsights_skip_tracking":false,"_monsterinsights_sitenote_active":false,"_monsterinsights_sitenote_note":"","_monsterinsights_sitenote_category":0,"footnotes":""},"categories":[1],"tags":[],"class_list":["post-2302","post","type-post","status-publish","format-standard","hentry","category-uncategorized"],"aioseo_notices":[],"_links":{"self":[{"href":"https:\/\/meio.eco.br\/inicio\/wp-json\/wp\/v2\/posts\/2302","targetHints":{"allow":["GET"]}}],"collection":[{"href":"https:\/\/meio.eco.br\/inicio\/wp-json\/wp\/v2\/posts"}],"about":[{"href":"https:\/\/meio.eco.br\/inicio\/wp-json\/wp\/v2\/types\/post"}],"author":[{"embeddable":true,"href":"https:\/\/meio.eco.br\/inicio\/wp-json\/wp\/v2\/users\/1"}],"replies":[{"embeddable":true,"href":"https:\/\/meio.eco.br\/inicio\/wp-json\/wp\/v2\/comments?post=2302"}],"version-history":[{"count":1,"href":"https:\/\/meio.eco.br\/inicio\/wp-json\/wp\/v2\/posts\/2302\/revisions"}],"predecessor-version":[{"id":2303,"href":"https:\/\/meio.eco.br\/inicio\/wp-json\/wp\/v2\/posts\/2302\/revisions\/2303"}],"wp:attachment":[{"href":"https:\/\/meio.eco.br\/inicio\/wp-json\/wp\/v2\/media?parent=2302"}],"wp:term":[{"taxonomy":"category","embeddable":true,"href":"https:\/\/meio.eco.br\/inicio\/wp-json\/wp\/v2\/categories?post=2302"},{"taxonomy":"post_tag","embeddable":true,"href":"https:\/\/meio.eco.br\/inicio\/wp-json\/wp\/v2\/tags?post=2302"}],"curies":[{"name":"wp","href":"https:\/\/api.w.org\/{rel}","templated":true}]}}