{"id":2115,"date":"2023-10-19T07:13:10","date_gmt":"2023-10-19T11:13:10","guid":{"rendered":"http:\/\/www.meio.eco.br\/back\/?p=2115"},"modified":"2023-11-11T13:52:42","modified_gmt":"2023-11-11T13:52:42","slug":"oracao-da-mae-gentil","status":"publish","type":"post","link":"https:\/\/meio.eco.br\/inicio\/oracao-da-mae-gentil\/","title":{"rendered":"Ora\u00e7\u00e3o da m\u00e3e gentil"},"content":{"rendered":"<div class=\"post-content\" data-hide-featured-media=\"0\">\n<div class=\"content-inner\">\n<p>H\u00e1 um tanto de PT em mim. H\u00e1 um tanto de PSDB em mim.<br \/>\nH\u00e1 um tanto de PRP, PV e tamb\u00e9m um tanto de outros tantos Ps.<\/p>\n<p>H\u00e1 em mim, n\u00e3o s\u00f3 Ps, mas todo o ABCD. Contenho as cores do arco-\u00edris, os tons de pele e todos credos, num sincretismo feliz e alegre de azul e branco, verde e amarelo.<\/p>\n<p>H\u00e1 em mim as vozes dos discursos, dos ensinos, dos choros de alegria, e infelizmente ainda, os lamentos e choros de agonia.<\/p>\n<p>H\u00e1 em mim, as notas musicais a se juntar em harmonia, fazendo de meu Hino estrondosa melodia.<\/p>\n<p>H\u00e1 em mim raz\u00e3o e emo\u00e7\u00e3o. Infelizmente ainda um pouco de frieza e paix\u00e3o.<\/p>\n<p>H\u00e1 em mim a certeza, trazida no cora\u00e7\u00e3o de meus filhos como esperan\u00e7a, de que aqui h\u00e1 de reinar a igualdade, a liberdade e a justi\u00e7a.<\/p>\n<p>E que seja pela t\u00e3o evidente toler\u00e2ncia que voc\u00eas, meus filhos, galguem os degraus da progresso, na ordem divina do amor, sem deixar que as diferen\u00e7as e a cega e ilus\u00f3ria cren\u00e7a os separem em lados e torcidas.<\/p>\n<p>N\u00e3o repitam meus filhos, o que h\u00e1 tantos s\u00e9culos em muitas p\u00e1trias tantas outras tristes vezes assistimos.<\/p>\n<p>Que a magnitude do car\u00e1ter da minha gente fa\u00e7a brilhar o esplendor e singeleza de por nossos pac\u00edficos acertos nos tornarmos, pela integridade, o farol do mundo inteiro.<\/p>\n<p>Que em meus solos eternamente em ber\u00e7o espl\u00eandido n\u00e3o se derrame sangue de meus filhos, pela agress\u00e3o de seus pr\u00f3prios irm\u00e3os. Que meus filhos que n\u00e3o fogem \u00e0 luta, o fa\u00e7am de maneira branda, amorosa e consciente.<\/p>\n<p>Que a mistura e os opostos em mim sejam o equil\u00edbrio e a uni\u00e3o que das partes se faz uma s\u00f3 bandeira que faz girar a roda da evolu\u00e7\u00e3o.<\/p>\n<p>Esse \u00e9 o meu desejo e nesse delicado momento, de tristeza e turbul\u00eancia, minha ora\u00e7\u00e3o tamb\u00e9m e meu pacto de recome\u00e7o.<\/p>\n<p>Capricho de meu Pai e fruto da M\u00e3e Natureza,<br \/>\nCora\u00e7\u00e3o do Mundo e P\u00e1tria da Luz Verdadeira,<\/p>\n<p>Eu Sou a Na\u00e7\u00e3o Brasileira.<\/p>\n<p>Luis Fernando Lucas &#8211; 2012<\/p>\n<p>https:\/\/www.instagram.com\/luizfernandolucas\/<\/p>\n<\/div>\n<\/div>\n","protected":false},"excerpt":{"rendered":"<p>H\u00e1 um tanto de PT em mim. H\u00e1 um tanto de PSDB em mim. H\u00e1 um tanto de PRP, PV e tamb\u00e9m um tanto de outros tantos Ps. H\u00e1 em mim, n\u00e3o s\u00f3 Ps, mas todo o ABCD. Contenho as cores do arco-\u00edris, os tons de pele e todos credos, num sincretismo feliz e alegre&hellip;<\/p>\n","protected":false},"author":2,"featured_media":2240,"comment_status":"open","ping_status":"open","sticky":false,"template":"","format":"standard","meta":{"_monsterinsights_skip_tracking":false,"_monsterinsights_sitenote_active":false,"_monsterinsights_sitenote_note":"","_monsterinsights_sitenote_category":0,"footnotes":""},"categories":[27],"tags":[],"class_list":["post-2115","post","type-post","status-publish","format-standard","has-post-thumbnail","hentry","category-poesias"],"aioseo_notices":[],"_links":{"self":[{"href":"https:\/\/meio.eco.br\/inicio\/wp-json\/wp\/v2\/posts\/2115","targetHints":{"allow":["GET"]}}],"collection":[{"href":"https:\/\/meio.eco.br\/inicio\/wp-json\/wp\/v2\/posts"}],"about":[{"href":"https:\/\/meio.eco.br\/inicio\/wp-json\/wp\/v2\/types\/post"}],"author":[{"embeddable":true,"href":"https:\/\/meio.eco.br\/inicio\/wp-json\/wp\/v2\/users\/2"}],"replies":[{"embeddable":true,"href":"https:\/\/meio.eco.br\/inicio\/wp-json\/wp\/v2\/comments?post=2115"}],"version-history":[{"count":2,"href":"https:\/\/meio.eco.br\/inicio\/wp-json\/wp\/v2\/posts\/2115\/revisions"}],"predecessor-version":[{"id":2241,"href":"https:\/\/meio.eco.br\/inicio\/wp-json\/wp\/v2\/posts\/2115\/revisions\/2241"}],"wp:featuredmedia":[{"embeddable":true,"href":"https:\/\/meio.eco.br\/inicio\/wp-json\/wp\/v2\/media\/2240"}],"wp:attachment":[{"href":"https:\/\/meio.eco.br\/inicio\/wp-json\/wp\/v2\/media?parent=2115"}],"wp:term":[{"taxonomy":"category","embeddable":true,"href":"https:\/\/meio.eco.br\/inicio\/wp-json\/wp\/v2\/categories?post=2115"},{"taxonomy":"post_tag","embeddable":true,"href":"https:\/\/meio.eco.br\/inicio\/wp-json\/wp\/v2\/tags?post=2115"}],"curies":[{"name":"wp","href":"https:\/\/api.w.org\/{rel}","templated":true}]}}