{"id":1847,"date":"2023-10-17T14:27:49","date_gmt":"2023-10-17T18:27:49","guid":{"rendered":"http:\/\/www.meio.eco.br\/back\/?p=1847"},"modified":"2023-11-11T12:47:35","modified_gmt":"2023-11-11T12:47:35","slug":"nao-te-julgo","status":"publish","type":"post","link":"https:\/\/meio.eco.br\/inicio\/nao-te-julgo\/","title":{"rendered":"N\u00e3o te julgo"},"content":{"rendered":"<p>N\u00e3o te julgo, te honro.<\/p>\n<p>&nbsp;<\/p>\n<p>Eu n\u00e3o posso te julgar :<\/p>\n<p>Por um olhar<\/p>\n<p>Um ocorrido<\/p>\n<p>Uma alegria ou uma tristeza<\/p>\n<p>Eu n\u00e3o posso te julgar:<\/p>\n<p>Pelo teu corpo e suas marcas<\/p>\n<p>Pela roupa que vestes<\/p>\n<p>Nem por tuas palavras<\/p>\n<p>Ou por um olhar ou suspiro<\/p>\n<p>Voc\u00ea \u00e9 muito mais do que minhas mem\u00f3rias interpretam e julgam.<\/p>\n<p>Voc\u00ea \u00e9 um ser que comp\u00f5e o universo.<\/p>\n<p>Por isto n\u00e3o te julgo, te honro.<\/p>\n<p>&nbsp;<\/p>\n<p>Lindolfo Mart\u00edn<\/p>\n<p>28\/8\/23<\/p>\n","protected":false},"excerpt":{"rendered":"<p>N\u00e3o te julgo, te honro. &nbsp; Eu n\u00e3o posso te julgar : Por um olhar Um ocorrido Uma alegria ou uma tristeza Eu n\u00e3o posso te julgar: Pelo teu corpo e suas marcas Pela roupa que vestes Nem por tuas palavras Ou por um olhar ou suspiro Voc\u00ea \u00e9 muito mais do que minhas mem\u00f3rias&hellip;<\/p>\n","protected":false},"author":2,"featured_media":1906,"comment_status":"open","ping_status":"open","sticky":false,"template":"","format":"quote","meta":{"_monsterinsights_skip_tracking":false,"_monsterinsights_sitenote_active":false,"_monsterinsights_sitenote_note":"","_monsterinsights_sitenote_category":0,"footnotes":""},"categories":[27],"tags":[],"class_list":["post-1847","post","type-post","status-publish","format-quote","has-post-thumbnail","hentry","category-poesias","post_format-post-format-quote"],"aioseo_notices":[],"_links":{"self":[{"href":"https:\/\/meio.eco.br\/inicio\/wp-json\/wp\/v2\/posts\/1847","targetHints":{"allow":["GET"]}}],"collection":[{"href":"https:\/\/meio.eco.br\/inicio\/wp-json\/wp\/v2\/posts"}],"about":[{"href":"https:\/\/meio.eco.br\/inicio\/wp-json\/wp\/v2\/types\/post"}],"author":[{"embeddable":true,"href":"https:\/\/meio.eco.br\/inicio\/wp-json\/wp\/v2\/users\/2"}],"replies":[{"embeddable":true,"href":"https:\/\/meio.eco.br\/inicio\/wp-json\/wp\/v2\/comments?post=1847"}],"version-history":[{"count":1,"href":"https:\/\/meio.eco.br\/inicio\/wp-json\/wp\/v2\/posts\/1847\/revisions"}],"predecessor-version":[{"id":2204,"href":"https:\/\/meio.eco.br\/inicio\/wp-json\/wp\/v2\/posts\/1847\/revisions\/2204"}],"wp:featuredmedia":[{"embeddable":true,"href":"https:\/\/meio.eco.br\/inicio\/wp-json\/"}],"wp:attachment":[{"href":"https:\/\/meio.eco.br\/inicio\/wp-json\/wp\/v2\/media?parent=1847"}],"wp:term":[{"taxonomy":"category","embeddable":true,"href":"https:\/\/meio.eco.br\/inicio\/wp-json\/wp\/v2\/categories?post=1847"},{"taxonomy":"post_tag","embeddable":true,"href":"https:\/\/meio.eco.br\/inicio\/wp-json\/wp\/v2\/tags?post=1847"}],"curies":[{"name":"wp","href":"https:\/\/api.w.org\/{rel}","templated":true}]}}