{"id":1841,"date":"2023-10-17T14:24:51","date_gmt":"2023-10-17T18:24:51","guid":{"rendered":"http:\/\/www.meio.eco.br\/back\/?p=1841"},"modified":"2023-11-11T12:47:45","modified_gmt":"2023-11-11T12:47:45","slug":"observador","status":"publish","type":"post","link":"https:\/\/meio.eco.br\/inicio\/observador\/","title":{"rendered":"Observador"},"content":{"rendered":"<p>Eu, observador de mim.<\/p>\n<p>O que vejo.<\/p>\n<p>Me enxergo de fora, observando.<\/p>\n<p>Olhando, ponderando, vendo.<\/p>\n<p>Agires ego\u00edsticos, eg\u00f3icos,<\/p>\n<p>Inflados,<\/p>\n<p>Carregados do eu menor.<\/p>\n<p>Afirmados pela certeza condicionada,<\/p>\n<p>Do amor reconhecido, somente pelo olhar do outro em mim,<\/p>\n<p>N\u00e3o em me amar.<\/p>\n<p>Se olharmos, interpretarmos<\/p>\n<p>A\u00e7\u00f5es passadas, observadas, ensinam como sermos mais amorosos.<\/p>\n<p>Menos fala,<\/p>\n<p>Mais ouvir,<\/p>\n<p>Menos Mente<\/p>\n<p>Mais cora\u00e7\u00e3o,<\/p>\n<p>Amor genu\u00edno, da troca amorosa.<\/p>\n<p>Da auto compaix\u00e3o<\/p>\n<p>Na observa\u00e7\u00e3o,<\/p>\n<p>Comigo mesmo.<\/p>\n<p>&nbsp;<\/p>\n<p>Lindolfo Martin<\/p>\n<p>14\/10\/23<\/p>\n<p>Vers\u00e3o 1.0<\/p>\n","protected":false},"excerpt":{"rendered":"<p>Eu, observador de mim. O que vejo. Me enxergo de fora, observando. Olhando, ponderando, vendo. Agires ego\u00edsticos, eg\u00f3icos, Inflados, Carregados do eu menor. Afirmados pela certeza condicionada, Do amor reconhecido, somente pelo olhar do outro em mim, N\u00e3o em me amar. Se olharmos, interpretarmos A\u00e7\u00f5es passadas, observadas, ensinam como sermos mais amorosos. Menos fala, Mais&hellip;<\/p>\n","protected":false},"author":2,"featured_media":1907,"comment_status":"open","ping_status":"open","sticky":false,"template":"","format":"standard","meta":{"_monsterinsights_skip_tracking":false,"_monsterinsights_sitenote_active":false,"_monsterinsights_sitenote_note":"","_monsterinsights_sitenote_category":0,"footnotes":""},"categories":[27],"tags":[],"class_list":["post-1841","post","type-post","status-publish","format-standard","has-post-thumbnail","hentry","category-poesias"],"aioseo_notices":[],"_links":{"self":[{"href":"https:\/\/meio.eco.br\/inicio\/wp-json\/wp\/v2\/posts\/1841","targetHints":{"allow":["GET"]}}],"collection":[{"href":"https:\/\/meio.eco.br\/inicio\/wp-json\/wp\/v2\/posts"}],"about":[{"href":"https:\/\/meio.eco.br\/inicio\/wp-json\/wp\/v2\/types\/post"}],"author":[{"embeddable":true,"href":"https:\/\/meio.eco.br\/inicio\/wp-json\/wp\/v2\/users\/2"}],"replies":[{"embeddable":true,"href":"https:\/\/meio.eco.br\/inicio\/wp-json\/wp\/v2\/comments?post=1841"}],"version-history":[{"count":1,"href":"https:\/\/meio.eco.br\/inicio\/wp-json\/wp\/v2\/posts\/1841\/revisions"}],"predecessor-version":[{"id":2205,"href":"https:\/\/meio.eco.br\/inicio\/wp-json\/wp\/v2\/posts\/1841\/revisions\/2205"}],"wp:featuredmedia":[{"embeddable":true,"href":"https:\/\/meio.eco.br\/inicio\/wp-json\/"}],"wp:attachment":[{"href":"https:\/\/meio.eco.br\/inicio\/wp-json\/wp\/v2\/media?parent=1841"}],"wp:term":[{"taxonomy":"category","embeddable":true,"href":"https:\/\/meio.eco.br\/inicio\/wp-json\/wp\/v2\/categories?post=1841"},{"taxonomy":"post_tag","embeddable":true,"href":"https:\/\/meio.eco.br\/inicio\/wp-json\/wp\/v2\/tags?post=1841"}],"curies":[{"name":"wp","href":"https:\/\/api.w.org\/{rel}","templated":true}]}}