{"id":1839,"date":"2023-10-17T14:23:46","date_gmt":"2023-10-17T18:23:46","guid":{"rendered":"http:\/\/www.meio.eco.br\/back\/?p=1839"},"modified":"2023-11-11T13:49:28","modified_gmt":"2023-11-11T13:49:28","slug":"aos-70-anos-nasci","status":"publish","type":"post","link":"https:\/\/meio.eco.br\/inicio\/aos-70-anos-nasci\/","title":{"rendered":"Aos 70 Anos, nasci"},"content":{"rendered":"<p>Nasci aos 70 anos.<\/p>\n<p>Aos 70 anos descobri porque eu vim ao mundo,<\/p>\n<p>Do zero aos 70 cheguei, cresci, desenvolvi, aprendi que nada sei aos 70 anos.<\/p>\n<p>Reconhe\u00e7o que o come\u00e7o \u00e9 agora.<\/p>\n<p>Que a humanidade sonha na possibilidade da felicidade, da conquista, do sucesso.<\/p>\n<p>Do prazer, da felicidade, que tudo isso \u00e9 condicionado n\u00e3o \u00e9 realidade.<\/p>\n<p>\u00c9 condicionamento, pensamento. .<\/p>\n<p>Aos setenta descobri que sempre h\u00e1 tempo pra emergir, pra viver, pra transcender.<\/p>\n<p>Uma vida realmente que tenha sentido do existir.<\/p>\n<p>Sem copiar, sem imitar, sem publicar, o que \u00e9 do outro \u00e9 n\u00e3o meu\/seu, \u00e9 s\u00f3 copia.<\/p>\n<p>N\u00e3o chegaria assim ao meu\/seu lugar, mas chegaria ao lugar do outro.<\/p>\n<p>Que n\u00e3o \u00e9 meu\/seu lugar.<\/p>\n<p>Assim senti, assim vivi, assim transcendi<\/p>\n<p>Com 70 anos,<\/p>\n<p>Nasci.<\/p>\n<p>Lindolfo Martin<\/p>\n<p>14\/10\/23<\/p>\n<p>Vers\u00e3o 1.0<\/p>\n","protected":false},"excerpt":{"rendered":"<p>Nasci aos 70 anos. Aos 70 anos descobri porque eu vim ao mundo, Do zero aos 70 cheguei, cresci, desenvolvi, aprendi que nada sei aos 70 anos. Reconhe\u00e7o que o come\u00e7o \u00e9 agora. Que a humanidade sonha na possibilidade da felicidade, da conquista, do sucesso. Do prazer, da felicidade, que tudo isso \u00e9 condicionado n\u00e3o&hellip;<\/p>\n","protected":false},"author":2,"featured_media":2239,"comment_status":"open","ping_status":"open","sticky":false,"template":"","format":"standard","meta":{"_monsterinsights_skip_tracking":false,"_monsterinsights_sitenote_active":false,"_monsterinsights_sitenote_note":"","_monsterinsights_sitenote_category":0,"footnotes":""},"categories":[27],"tags":[],"class_list":["post-1839","post","type-post","status-publish","format-standard","has-post-thumbnail","hentry","category-poesias"],"aioseo_notices":[],"_links":{"self":[{"href":"https:\/\/meio.eco.br\/inicio\/wp-json\/wp\/v2\/posts\/1839","targetHints":{"allow":["GET"]}}],"collection":[{"href":"https:\/\/meio.eco.br\/inicio\/wp-json\/wp\/v2\/posts"}],"about":[{"href":"https:\/\/meio.eco.br\/inicio\/wp-json\/wp\/v2\/types\/post"}],"author":[{"embeddable":true,"href":"https:\/\/meio.eco.br\/inicio\/wp-json\/wp\/v2\/users\/2"}],"replies":[{"embeddable":true,"href":"https:\/\/meio.eco.br\/inicio\/wp-json\/wp\/v2\/comments?post=1839"}],"version-history":[{"count":1,"href":"https:\/\/meio.eco.br\/inicio\/wp-json\/wp\/v2\/posts\/1839\/revisions"}],"predecessor-version":[{"id":2206,"href":"https:\/\/meio.eco.br\/inicio\/wp-json\/wp\/v2\/posts\/1839\/revisions\/2206"}],"wp:featuredmedia":[{"embeddable":true,"href":"https:\/\/meio.eco.br\/inicio\/wp-json\/wp\/v2\/media\/2239"}],"wp:attachment":[{"href":"https:\/\/meio.eco.br\/inicio\/wp-json\/wp\/v2\/media?parent=1839"}],"wp:term":[{"taxonomy":"category","embeddable":true,"href":"https:\/\/meio.eco.br\/inicio\/wp-json\/wp\/v2\/categories?post=1839"},{"taxonomy":"post_tag","embeddable":true,"href":"https:\/\/meio.eco.br\/inicio\/wp-json\/wp\/v2\/tags?post=1839"}],"curies":[{"name":"wp","href":"https:\/\/api.w.org\/{rel}","templated":true}]}}