{"id":1833,"date":"2023-10-17T14:19:48","date_gmt":"2023-10-17T18:19:48","guid":{"rendered":"http:\/\/www.meio.eco.br\/back\/?p=1833"},"modified":"2023-11-11T12:47:20","modified_gmt":"2023-11-11T12:47:20","slug":"ela-em-mim","status":"publish","type":"post","link":"https:\/\/meio.eco.br\/inicio\/ela-em-mim\/","title":{"rendered":"Ela em mim"},"content":{"rendered":"<p><b>Ele em mim<\/b><\/p>\n<p>&nbsp;<\/p>\n<p>Ele est\u00e1 em mim.<\/p>\n<p>Eu estou Nele.<\/p>\n<p>O universo \u00e9 uno.<\/p>\n<p>A pot\u00eancia do todo est\u00e1 na anula\u00e7\u00e3o das for\u00e7as antag\u00f4nicas.<\/p>\n<p>Na neutralidade est\u00e1 a cria\u00e7\u00e3o do novo.<\/p>\n<p>No encontro das diferen\u00e7as, tudo se anula.<\/p>\n<p>E surge o novo evolutivo.<\/p>\n<p>Que melhora o hoje em dire\u00e7\u00e3o ao amanh\u00e3.<\/p>\n<p>Criando um campo de presen\u00e7a mais amorosa no agora.<\/p>\n<p>Porque no amor est\u00e1 a vida.<\/p>\n<p>E a vida est\u00e1 Nele.<\/p>\n<p>Em mim.<\/p>\n<p>&nbsp;<\/p>\n<p>Lindolfo Martin<\/p>\n<p>13\/10\/23<\/p>\n<p>Vers\u00e3o 1.0<\/p>\n","protected":false},"excerpt":{"rendered":"<p>Ele em mim &nbsp; Ele est\u00e1 em mim. Eu estou Nele. O universo \u00e9 uno. A pot\u00eancia do todo est\u00e1 na anula\u00e7\u00e3o das for\u00e7as antag\u00f4nicas. Na neutralidade est\u00e1 a cria\u00e7\u00e3o do novo. No encontro das diferen\u00e7as, tudo se anula. E surge o novo evolutivo. Que melhora o hoje em dire\u00e7\u00e3o ao amanh\u00e3. Criando um campo&hellip;<\/p>\n","protected":false},"author":2,"featured_media":0,"comment_status":"open","ping_status":"open","sticky":false,"template":"","format":"standard","meta":{"_monsterinsights_skip_tracking":false,"_monsterinsights_sitenote_active":false,"_monsterinsights_sitenote_note":"","_monsterinsights_sitenote_category":0,"footnotes":""},"categories":[27],"tags":[],"class_list":["post-1833","post","type-post","status-publish","format-standard","hentry","category-poesias"],"aioseo_notices":[],"_links":{"self":[{"href":"https:\/\/meio.eco.br\/inicio\/wp-json\/wp\/v2\/posts\/1833","targetHints":{"allow":["GET"]}}],"collection":[{"href":"https:\/\/meio.eco.br\/inicio\/wp-json\/wp\/v2\/posts"}],"about":[{"href":"https:\/\/meio.eco.br\/inicio\/wp-json\/wp\/v2\/types\/post"}],"author":[{"embeddable":true,"href":"https:\/\/meio.eco.br\/inicio\/wp-json\/wp\/v2\/users\/2"}],"replies":[{"embeddable":true,"href":"https:\/\/meio.eco.br\/inicio\/wp-json\/wp\/v2\/comments?post=1833"}],"version-history":[{"count":1,"href":"https:\/\/meio.eco.br\/inicio\/wp-json\/wp\/v2\/posts\/1833\/revisions"}],"predecessor-version":[{"id":2208,"href":"https:\/\/meio.eco.br\/inicio\/wp-json\/wp\/v2\/posts\/1833\/revisions\/2208"}],"wp:attachment":[{"href":"https:\/\/meio.eco.br\/inicio\/wp-json\/wp\/v2\/media?parent=1833"}],"wp:term":[{"taxonomy":"category","embeddable":true,"href":"https:\/\/meio.eco.br\/inicio\/wp-json\/wp\/v2\/categories?post=1833"},{"taxonomy":"post_tag","embeddable":true,"href":"https:\/\/meio.eco.br\/inicio\/wp-json\/wp\/v2\/tags?post=1833"}],"curies":[{"name":"wp","href":"https:\/\/api.w.org\/{rel}","templated":true}]}}